{"id":27251,"date":"2025-10-23T19:08:45","date_gmt":"2025-10-23T22:08:45","guid":{"rendered":"https:\/\/www.satisfeitayolanda.com.br\/blog\/?p=27251"},"modified":"2025-10-23T19:08:45","modified_gmt":"2025-10-23T22:08:45","slug":"cocina-publica-uma-experiencia-de-humanidades","status":"publish","type":"post","link":"https:\/\/www.satisfeitayolanda.com.br\/blog\/cocina-publica-uma-experiencia-de-humanidades\/","title":{"rendered":"Cocina P\u00fablica <\/br> uma experi\u00eancia de humanidades"},"content":{"rendered":"<div id=\"attachment_27263\" style=\"width: 610px\" class=\"wp-caption aligncenter\"><a href=\"https:\/\/www.satisfeitayolanda.com.br\/blog\/wp-content\/uploads\/2025\/10\/00834a2e-005f-4110-9a91-3be4e0b56834-2-e1761251680476.jpg\"><img aria-describedby=\"caption-attachment-27263\" loading=\"lazy\" class=\"size-full wp-image-27263\" src=\"https:\/\/www.satisfeitayolanda.com.br\/blog\/wp-content\/uploads\/2025\/10\/00834a2e-005f-4110-9a91-3be4e0b56834-2-e1761251680476.jpg\" alt=\"\" width=\"600\" height=\"400\"><\/a><p id=\"caption-attachment-27263\" class=\"wp-caption-text\">Teatro da mesa comum, duas noites marcantes no Assentamento Normandia, em Caruaru, durante o <strong>Feteag<\/strong>.&nbsp; Fotos: Kari Carvalho \/ Divulga\u00e7\u00e3o<\/p><\/div>\n<div id=\"attachment_27259\" style=\"width: 610px\" class=\"wp-caption aligncenter\"><a href=\"https:\/\/www.satisfeitayolanda.com.br\/blog\/wp-content\/uploads\/2025\/10\/4a889f99-dd38-4c07-9cc5-4fc28e01eb17-2.jpg\"><img aria-describedby=\"caption-attachment-27259\" loading=\"lazy\" class=\"size-full wp-image-27259\" src=\"https:\/\/www.satisfeitayolanda.com.br\/blog\/wp-content\/uploads\/2025\/10\/4a889f99-dd38-4c07-9cc5-4fc28e01eb17-2.jpg\" alt=\"\" width=\"600\" height=\"400\" srcset=\"https:\/\/www.satisfeitayolanda.com.br\/blog\/wp-content\/uploads\/2025\/10\/4a889f99-dd38-4c07-9cc5-4fc28e01eb17-2.jpg 600w, https:\/\/www.satisfeitayolanda.com.br\/blog\/wp-content\/uploads\/2025\/10\/4a889f99-dd38-4c07-9cc5-4fc28e01eb17-2-300x200.jpg 300w\" sizes=\"(max-width: 600px) 100vw, 600px\" \/><\/a><p id=\"caption-attachment-27259\" class=\"wp-caption-text\"><strong>Cocina P\u00fablica<\/strong>, do Teatro Cont\u00eainer, do Chile. Foto: Kari Carvalho \/ Divulga\u00e7\u00e3o<\/p><\/div>\n<p>A luta pela terra \u00e9 tamb\u00e9m luta pelo direito de alimentar-se com dignidade. O cientista pernambucano Josu\u00e9 de Castro ensinou que a fome n\u00e3o \u00e9 fen\u00f4meno natural, mas pol\u00edtico &#8211; resultado de escolhas sociais que determinam quem produz, quem acessa e quem \u00e9 exclu\u00eddo do banquete da humanidade. No Assentamento Normandia, territ\u00f3rio do Movimento dos Trabalhadores Rurais Sem Terra (MST) em Caruaru, essa compreens\u00e3o ganha contornos ainda mais expressivos quando arte e pol\u00edtica se encontram em torno de uma mesa comunit\u00e1ria.<\/p>\n<p>Foi exatamente nesse contexto que, durante o <strong><em>34\u00ba Festival de Teatro do Agreste (Feteag)<\/em><\/strong>, nos dias 18 e 19 de outubro de 2025, cerca de 100 pessoas por noite participaram de uma experi\u00eancia que transformou o ato de alimentar-se em gesto art\u00edstico e cidadania plena. O espet\u00e1culo <strong><em>La Cocina P\u00fablica<\/em><\/strong>, do Teatro Cont\u00eainer de Valpara\u00edso, Chile, combina arte performativa com interc\u00e2mbio culin\u00e1rio, criando uma cozinha m\u00f3vel que transforma a alimenta\u00e7\u00e3o em experi\u00eancia de reconhecimento m\u00fatuo &#8211; uma afirma\u00e7\u00e3o de que comer \u00e9 direito inalien\u00e1vel materializado em a\u00e7\u00e3o coletiva.<\/p>\n<p>Dessa forma, iniciativas como essa permitem que o teatro v\u00e1 al\u00e9m da representa\u00e7\u00e3o para se tornar constru\u00e7\u00e3o ativa de realidades mais justas, suspendendo temporariamente as hierarquias que determinam quem come o qu\u00ea, onde e com quem.<\/p>\n<h2>O cont\u00eainer que carrega utopias<\/h2>\n<div id=\"attachment_27254\" style=\"width: 610px\" class=\"wp-caption aligncenter\"><a href=\"https:\/\/www.satisfeitayolanda.com.br\/blog\/wp-content\/uploads\/2025\/10\/9377fa62-bc51-48c2-b6d8-1c52be409fed-e1761241992993.jpg\"><img aria-describedby=\"caption-attachment-27254\" loading=\"lazy\" class=\"size-full wp-image-27254\" src=\"https:\/\/www.satisfeitayolanda.com.br\/blog\/wp-content\/uploads\/2025\/10\/9377fa62-bc51-48c2-b6d8-1c52be409fed-e1761241992993.jpg\" alt=\"\" width=\"600\" height=\"400\"><\/a><p id=\"caption-attachment-27254\" class=\"wp-caption-text\">Artistas do teatro e do MST particparam da constru\u00e7\u00e3o da Cocina P\u00fablica em Caruaru<\/p><\/div>\n<div id=\"attachment_27253\" style=\"width: 610px\" class=\"wp-caption aligncenter\"><a href=\"https:\/\/www.satisfeitayolanda.com.br\/blog\/wp-content\/uploads\/2025\/10\/eee8750c-84e5-4df9-82b1-9ba255c188e5-e1761242034441.jpg\"><img aria-describedby=\"caption-attachment-27253\" loading=\"lazy\" class=\"size-full wp-image-27253\" src=\"https:\/\/www.satisfeitayolanda.com.br\/blog\/wp-content\/uploads\/2025\/10\/eee8750c-84e5-4df9-82b1-9ba255c188e5-e1761242034441.jpg\" alt=\"\" width=\"600\" height=\"400\"><\/a><p id=\"caption-attachment-27253\" class=\"wp-caption-text\">Elencoo do trabalho Cocina P\u00fablica<\/p><\/div>\n<div id=\"attachment_27260\" style=\"width: 610px\" class=\"wp-caption aligncenter\"><a href=\"https:\/\/www.satisfeitayolanda.com.br\/blog\/wp-content\/uploads\/2025\/10\/e04c877a-de59-42d1-97d7-793f5e148822-e1761244831325.jpg\"><img aria-describedby=\"caption-attachment-27260\" loading=\"lazy\" class=\"size-full wp-image-27260\" src=\"https:\/\/www.satisfeitayolanda.com.br\/blog\/wp-content\/uploads\/2025\/10\/e04c877a-de59-42d1-97d7-793f5e148822-e1761244831325.jpg\" alt=\"\" width=\"600\" height=\"400\"><\/a><p id=\"caption-attachment-27260\" class=\"wp-caption-text\">Plaquetas de orienta\u00e7\u00e3o<\/p><\/div>\n<p>Quando chegamos ao final da tarde, a equipe ultimava os preparativos para o espet\u00e1culo. O crep\u00fasculo pedia suas mem\u00f3rias enquanto um cont\u00eainer permanecia lacrado, com cadeiras dispostas pelo terreiro aguardando a apresenta\u00e7\u00e3o. J\u00e1 nesse momento, tabuletas escritas a giz anunciavam: &#8220;Vaca Atolada &#8211; Card\u00e1pio do Dia&#8221; e algo como &#8220;Cada um lava seu pr\u00f3prio prato&#8221; &#8211; primeiros ind\u00edcios de que ali a democracia come\u00e7aria por gestos simples de coopera\u00e7\u00e3o.<\/p>\n<p>Essa proposta ganha for\u00e7a especial ao acontecer no Assentamento Normandia, que carrega uma hist\u00f3ria de luta e resist\u00eancia iniciada em 1\u00ba de maio de 1993, quando 179 fam\u00edlias ocuparam a fazenda na zona rural de Caruaru. Foram necess\u00e1rios quatro anos de enfrentamento &#8211; cinco ordens de despejo, planta\u00e7\u00f5es queimadas, barracos derrubados e at\u00e9 greve de fome &#8211; para que, em 1997, Normandia fosse reconhecido oficialmente como assentamento.<\/p>\n<p>Hoje, al\u00e9m do Centro de Forma\u00e7\u00e3o Paulo Freire, Normandia abriga cooperativa, associa\u00e7\u00e3o, agroind\u00fastria, escola multisseriada e o grupo de mulheres boleiras &#8211; estruturas ativas que organizam os assentados e acolhem a comunidade em atividades formativas. Constitui-se, portanto, como espa\u00e7o agregador onde a educa\u00e7\u00e3o popular \u00e9 princ\u00edpio fundamental.<\/p>\n<div id=\"attachment_27261\" style=\"width: 610px\" class=\"wp-caption aligncenter\"><a href=\"https:\/\/www.satisfeitayolanda.com.br\/blog\/wp-content\/uploads\/2025\/10\/0f5e26a6-5370-4a13-8b9a-8e008b85ee08-e1761245459838.jpg\"><img aria-describedby=\"caption-attachment-27261\" loading=\"lazy\" class=\"size-full wp-image-27261\" src=\"https:\/\/www.satisfeitayolanda.com.br\/blog\/wp-content\/uploads\/2025\/10\/0f5e26a6-5370-4a13-8b9a-8e008b85ee08-e1761245459838.jpg\" alt=\"\" width=\"600\" height=\"400\"><\/a><p id=\"caption-attachment-27261\" class=\"wp-caption-text\">Prato passa de m\u00e3o em m\u00e3o<\/p><\/div>\n<p>&nbsp;\u00c9 justamente por essa hist\u00f3ria que apresentar <strong><em>La Cocina P\u00fablica<\/em><\/strong> em Normandia cria conex\u00f5es poderosas entre alimenta\u00e7\u00e3o, luta pela terra e produ\u00e7\u00e3o de alimentos. Em um territ\u00f3rio conquistado para que fam\u00edlias pudessem plantar e colher, o projeto teatral encontra sua express\u00e3o mais completa: a mesa comunit\u00e1ria se torna continuidade da luta por soberania alimentar.<\/p>\n<p>Assim, cada prato servido carrega camadas que ultrapassam o nutritivo. \u00c9 resultado de terra disputada, conquistada, cultivada por m\u00e3os que conhecem o valor de cada gr\u00e3o. \u00c9 materializa\u00e7\u00e3o do sonho de que produzir alimento pode ser ato de liberdade, n\u00e3o apenas de sobreviv\u00eancia.<\/p>\n<p>Com essa atmosfera carregada de hist\u00f3ria, quando os atores surgiram no terreiro, uma transforma\u00e7\u00e3o come\u00e7ou a operar no ambiente. Um performer subiu ao topo do cont\u00eainer e iniciou movimentos entre roupas coloridas espalhadas no teto da superf\u00edcie met\u00e1lica. Explorava, brincava com aquela massa t\u00eaxtil at\u00e9 lan\u00e7ar todo o conjunto ao ch\u00e3o, revelando uma dan\u00e7a de possibilidades: retalhos multicoloridos ganharam vida pr\u00f3pria, ondulando como mar t\u00eaxtil.<\/p>\n<p>O material se transformou inicialmente numa grande saia coletiva, abrigando participantes que emergiam para compartilhar narrativas pessoais. Em seguida, os mesmos tecidos costurados como uma grande tenda fazia a cobertura festiva.<\/p>\n<div id=\"attachment_27262\" style=\"width: 610px\" class=\"wp-caption alignnone\"><a href=\"https:\/\/www.satisfeitayolanda.com.br\/blog\/wp-content\/uploads\/2025\/10\/b95f0af3-ef3f-4c1a-94bc-e9a033e91158-1.jpg\"><img aria-describedby=\"caption-attachment-27262\" loading=\"lazy\" class=\"wp-image-27262 size-full\" src=\"https:\/\/www.satisfeitayolanda.com.br\/blog\/wp-content\/uploads\/2025\/10\/b95f0af3-ef3f-4c1a-94bc-e9a033e91158-1.jpg\" alt=\"\" width=\"600\" height=\"400\" srcset=\"https:\/\/www.satisfeitayolanda.com.br\/blog\/wp-content\/uploads\/2025\/10\/b95f0af3-ef3f-4c1a-94bc-e9a033e91158-1.jpg 600w, https:\/\/www.satisfeitayolanda.com.br\/blog\/wp-content\/uploads\/2025\/10\/b95f0af3-ef3f-4c1a-94bc-e9a033e91158-1-300x200.jpg 300w\" sizes=\"(max-width: 600px) 100vw, 600px\" \/><\/a><p id=\"caption-attachment-27262\" class=\"wp-caption-text\">Vista do cont\u00eainer<\/p><\/div>\n<p><span style=\"font-size: 1rem;\">Enquanto essa transforma\u00e7\u00e3o visual acontecia, os espectadores foram convidados a contornar o cont\u00eainer e descobrir seu interior. O que encontramos foi uma cozinha constru\u00edda com materiais do pr\u00f3prio assentamento: ervas penduradas, pratos organizados, t\u00e1buas de cortar legumes, equipamentos improvisados com a criatividade local.<\/span><\/p>\n<p>A partir dessa descoberta, o que se seguiu foi uma experi\u00eancia especial em que artistas e moradores constru\u00edram juntos cada momento da apresenta\u00e7\u00e3o. Os espectadores participaram da cena ativamente, ajudando a organizar mesas e cadeiras, forrando superf\u00edcies, distribuindo talheres. Cada movimento se tornava parte de uma coreografia espont\u00e2nea da coopera\u00e7\u00e3o.<\/p>\n<p>Nesse ritmo cerimonial, a refei\u00e7\u00e3o chegou em etapas: primeiro os copos e a \u00e1gua, acompanhados de um refresco com cacha\u00e7a. Em seguida, p\u00e3es preparados pela pr\u00f3pria equipe, servidos com vinhagrete arom\u00e1tico de tomate, cebola e coentro finamente cortados. Entre um gole e outro, as hist\u00f3rias come\u00e7aram a circular.<\/p>\n<p>Com garfos tilintando nos copos para chamar aten\u00e7\u00e3o, um dos apresentadores explicou como se faz: &#8220;Piquem o coentro, sintam o aroma e talvez se lembrem da casa de suas av\u00f3s. Cortem a cebola, limpem os olhos e quem sabe tamb\u00e9m o cora\u00e7\u00e3o&#8221;.<\/p>\n<div id=\"attachment_27266\" style=\"width: 610px\" class=\"wp-caption aligncenter\"><a href=\"https:\/\/www.satisfeitayolanda.com.br\/blog\/wp-content\/uploads\/2025\/10\/9e159b4b-cad2-4a06-8f8e-875c032fec7e-e1761251277222.jpg\"><img aria-describedby=\"caption-attachment-27266\" loading=\"lazy\" class=\"size-full wp-image-27266\" src=\"https:\/\/www.satisfeitayolanda.com.br\/blog\/wp-content\/uploads\/2025\/10\/9e159b4b-cad2-4a06-8f8e-875c032fec7e-e1761251277222.jpg\" alt=\"\" width=\"600\" height=\"400\"><\/a><p id=\"caption-attachment-27266\" class=\"wp-caption-text\">Arary Marrocos, cofundadora do Teatro Experimental de Arte, presen\u00e7a alegre no <strong>Feteag<\/strong><\/p><\/div>\n<p>Sob o teto de tecidos coloridos que criava uma atmosfera circense, mais de cem pessoas se acomodaram para a refei\u00e7\u00e3o principal. Os atores narraram a receita da vaca atolada enquanto os pratos eram servidos e passados de m\u00e3o em m\u00e3o at\u00e9 as extremidades das mesas. Algu\u00e9m da comunidade contou a lenda da macaxeira, entrela\u00e7ando mitologia local com sabores ancestrais.<\/p>\n<p>Essa atmosfera participativa se intensificou quando o microfone circulou aberto para quem quisesse compartilhar. Can\u00e7\u00f5es chilenas foram tocadas e cantadas, alguns brasileiros tamb\u00e9m aceitaram o convite e tocaram alguma coisa, corpos se moveram em dan\u00e7as espont\u00e2neas, criando uma festa transnacional.<\/p>\n<p>Era exatamente essa transversalidade que a companhia havia descoberto ao longo de suas andan\u00e7as: o projeto permite que diferentes gera\u00e7\u00f5es e grupos sociais se encontrem de forma natural e espont\u00e2nea.<\/p>\n<div id=\"attachment_27264\" style=\"width: 610px\" class=\"wp-caption aligncenter\"><a href=\"https:\/\/www.satisfeitayolanda.com.br\/blog\/wp-content\/uploads\/2025\/10\/caa74ea8-8b63-455b-8c0a-50179bc95fec-2-e1761251695361.jpg\"><img aria-describedby=\"caption-attachment-27264\" loading=\"lazy\" class=\"wp-image-27264 size-full\" src=\"https:\/\/www.satisfeitayolanda.com.br\/blog\/wp-content\/uploads\/2025\/10\/caa74ea8-8b63-455b-8c0a-50179bc95fec-2-e1761251695361.jpg\" alt=\"\" width=\"600\" height=\"400\"><\/a><p id=\"caption-attachment-27264\" class=\"wp-caption-text\">M\u00fasicas chilenas e brasileiras animaram a noite<\/p><\/div>\n<p>Observando essas din\u00e2micas, a ideia de transforma\u00e7\u00e3o ganha dimens\u00e3o quando percebemos as mudan\u00e7as subjetivas que a experi\u00eancia promove. Na mesa da <strong><em>Cozinha P\u00fablica<\/em><\/strong>, diverg\u00eancias ideol\u00f3gicas se dissolvem no gesto compartilhado de partir o p\u00e3o, demonstrando como a arte pode criar experi\u00eancias que expandem nossa capacidade de reconhecer humanidade no outro.<\/p>\n<p>Talvez residam a\u00ed as possibilidades revolucion\u00e1rias mais sutis e duradouras do teatro: n\u00e3o na convers\u00e3o imediata de consci\u00eancias, mas na cria\u00e7\u00e3o de momentos onde a partilha se torna mais poderosa que as palavras, onde o reconhecimento m\u00fatuo acontece atrav\u00e9s de um gesto elementar de comer juntos.<\/p>\n<p>Para compreender melhor essa metodologia, \u00e9 importante conhecer suas origens. O Teatro Cont\u00eainer desenvolveu-se na paisagem de Valpara\u00edso, cidade portu\u00e1ria de colinas e escaladas no litoral chileno, onde os cont\u00eaineres s\u00e3o presen\u00e7as constantes na vida cotidiana. Seus criadores perceberam que esses s\u00edmbolos do com\u00e9rcio globalizado poderiam ser ressignificados culturalmente.<\/p>\n<p>Ao longo dos primeiros dez anos de trabalho, a companhia compreendeu que as linguagens teatrais tradicionais encontravam barreiras em diferentes contextos sociais e geogr\u00e1ficos. Essa constata\u00e7\u00e3o levou \u00e0 necessidade de criar c\u00f3digos mais universais, o que conduziu \u00e0 descoberta da comida como linguagem compartilhada.<\/p>\n<p>Afinal, todo mundo sabe avaliar se um prato precisa de sal, se est\u00e1 aguado ou se a textura agrada. Esses sabores carregam identidade coletiva, mem\u00f3rias familiares e conhecimentos transmitidos entre gera\u00e7\u00f5es.<\/p>\n<p>A alegria que tomou conta do terreiro nas duas noites de Normandia carregava algo mais profundo que o prazer de uma refei\u00e7\u00e3o bem temperada. Era a alegria do encontro &#8211; aquela que surge quando pessoas se reconhecem mutuamente para al\u00e9m dos pap\u00e9is sociais que habitualmente ocupam. A festa acontecia porque algo fundamental estava sendo restaurado.<\/p>\n<p>Essas experi\u00eancias s\u00e3o sementes plantadas na mem\u00f3ria afetiva de cada participante.&nbsp;Quando nos despedimos da caravana chilena, ficou a comprova\u00e7\u00e3o de que \u00e9 poss\u00edvel criar, mesmo temporariamente, espa\u00e7os onde pessoas se reconhecem mutuamente em sua humanidade essencial. <strong><em>La Cocina P\u00fablica<\/em><\/strong>&nbsp;demonstra que teatro pode ajudar na constru\u00e7\u00e3o de realidades mais generosas.&nbsp;<\/p>\n<h2>Ficha T\u00e9cnica<\/h2>\n<p><strong>Dire\u00e7\u00e3o<\/strong>: Nicol\u00e1s Eyzaguirre<br \/>\n<strong>Dire\u00e7\u00e3o T\u00e9cnica<\/strong>: Kevin Morizur<br \/>\n<strong>Chef e Ator<\/strong>: Juan Larenas<br \/>\n<strong>Antrop\u00f3loga e Oficina de Mem\u00f3ria<\/strong>: Ana Insunza<br \/>\n<strong>Costureira e Figurinos<\/strong>: Mayra Olivares<br \/>\n<strong>Cenografia<\/strong>: Williams Luttgue<br \/>\n<strong>Atriz<\/strong>: Irina Gallardo<br \/>\n<strong>Ator e M\u00fasico<\/strong>: Alexander Castillo<br \/>\n<strong>Realiza\u00e7\u00e3o<\/strong>: Teatro Container (Valpara\u00edso, Chile)<br \/>\n<strong>Local<\/strong>: Assentamento Normandia, Caruaru\/PE<br \/>\n<strong>Datas<\/strong>: 18 e 19 de outubro de 2025<br \/>\n<strong>Festival<\/strong>: 34\u00ba Feteag &#8211; Festival de Teatro do Agreste<br \/>\n<strong>Classifica\u00e7\u00e3o<\/strong>: Livre<\/p>\n","protected":false},"excerpt":{"rendered":"<p>A luta pela terra \u00e9 tamb\u00e9m luta pelo direito de alimentar-se com dignidade. O cientista pernambucano Josu\u00e9 de Castro ensinou que a fome n\u00e3o \u00e9 fen\u00f4meno natural, mas pol\u00edtico &#8211; resultado de escolhas sociais que determinam quem produz, quem acessa e quem \u00e9 exclu\u00eddo do banquete da humanidade. No Assentamento Normandia, territ\u00f3rio do Movimento dos [&hellip;]<\/p>\n","protected":false},"author":3,"featured_media":0,"comment_status":"open","ping_status":"open","sticky":false,"template":"","format":"standard","meta":{"ngg_post_thumbnail":0},"categories":[1],"tags":[8823,8670,8831,8827,8833,8834,3477,8822,8830,8826,8825,8828,8824,8832,8829],"jetpack_featured_media_url":"","_links":{"self":[{"href":"https:\/\/www.satisfeitayolanda.com.br\/blog\/wp-json\/wp\/v2\/posts\/27251"}],"collection":[{"href":"https:\/\/www.satisfeitayolanda.com.br\/blog\/wp-json\/wp\/v2\/posts"}],"about":[{"href":"https:\/\/www.satisfeitayolanda.com.br\/blog\/wp-json\/wp\/v2\/types\/post"}],"author":[{"embeddable":true,"href":"https:\/\/www.satisfeitayolanda.com.br\/blog\/wp-json\/wp\/v2\/users\/3"}],"replies":[{"embeddable":true,"href":"https:\/\/www.satisfeitayolanda.com.br\/blog\/wp-json\/wp\/v2\/comments?post=27251"}],"version-history":[{"count":4,"href":"https:\/\/www.satisfeitayolanda.com.br\/blog\/wp-json\/wp\/v2\/posts\/27251\/revisions"}],"predecessor-version":[{"id":27269,"href":"https:\/\/www.satisfeitayolanda.com.br\/blog\/wp-json\/wp\/v2\/posts\/27251\/revisions\/27269"}],"wp:attachment":[{"href":"https:\/\/www.satisfeitayolanda.com.br\/blog\/wp-json\/wp\/v2\/media?parent=27251"}],"wp:term":[{"taxonomy":"category","embeddable":true,"href":"https:\/\/www.satisfeitayolanda.com.br\/blog\/wp-json\/wp\/v2\/categories?post=27251"},{"taxonomy":"post_tag","embeddable":true,"href":"https:\/\/www.satisfeitayolanda.com.br\/blog\/wp-json\/wp\/v2\/tags?post=27251"}],"curies":[{"name":"wp","href":"https:\/\/api.w.org\/{rel}","templated":true}]}}