{"id":24713,"date":"2022-11-10T17:53:27","date_gmt":"2022-11-10T20:53:27","guid":{"rendered":"https:\/\/www.satisfeitayolanda.com.br\/blog\/?p=24713"},"modified":"2022-11-11T10:28:39","modified_gmt":"2022-11-11T13:28:39","slug":"projeto-arquipelago","status":"publish","type":"post","link":"https:\/\/www.satisfeitayolanda.com.br\/blog\/projeto-arquipelago\/","title":{"rendered":"Projeto arquip\u00e9lago"},"content":{"rendered":"<p>&nbsp;<\/p>\n<div id=\"attachment_24715\" style=\"width: 610px\" class=\"wp-caption alignnone\"><a href=\"https:\/\/www.satisfeitayolanda.com.br\/blog\/wp-content\/uploads\/2022\/11\/WhatsApp-Image-2022-11-09-at-18.21.49-e1668113284702.jpeg\"><img aria-describedby=\"caption-attachment-24715\" loading=\"lazy\" class=\"size-full wp-image-24715\" src=\"https:\/\/www.satisfeitayolanda.com.br\/blog\/wp-content\/uploads\/2022\/11\/WhatsApp-Image-2022-11-09-at-18.21.49-e1668113284702.jpeg\" alt=\"\" width=\"600\" height=\"600\"><\/a><p id=\"caption-attachment-24715\" class=\"wp-caption-text\">Iniciativa de cr\u00edtica teatral. A identidade visual do projeto \u00e9 assinada pela designer Fernanda Ficher.<\/p><\/div>\n<p>Cr\u00edtica teatral \u00e9 um trabalho intelectual, emotivo, f\u00edsico, metaf\u00edsico, art\u00edstico, um projeto de vida. Pensamos que sim e apostamos nesse exerc\u00edcio de pensamento que tem como desafio se reinventar o tempo todo.<\/p>\n<p>E temos uma boa nova. O <strong><em>Satisfeita, Yolanda?<\/em><\/strong> &#8211; ao lado do <em><strong>Guia Off<\/strong><\/em>, <strong><em>Farofa Cr\u00edtica<\/em><\/strong>, <em><strong>ru\u00edna acesa<\/strong><\/em>, e <strong><em>Tudo, Menos Uma Cr\u00edtica<\/em><\/strong> &#8211; participa do nascedouro do <strong>projeto arquip\u00e9lago de fomento \u00e0 cr\u00edtica apoiado pela Corpo Rastreado<\/strong>. \u00c9 um apoio financeiro mensal para a manuten\u00e7\u00e3o e a remunera\u00e7\u00e3o de um trabalho muitas vezes feito na \u201cra\u00e7a\u201d.<\/p>\n<p>O projeto est\u00e1 lan\u00e7ado. Sinais de novos tempos. E como j\u00e1 dizia Glauber Rocha, toda arte tem que ter ambi\u00e7\u00e3o. E desejamos que em 2023, o <strong>arquip\u00e9lago<\/strong> seja ampliado por outras ilhas, que cheguem outros subs\u00eddios para movimentar mais a cr\u00edtica teatral no Brasil.<\/p>\n<blockquote><p>Nos \u00faltimos anos, observamos a diminui\u00e7\u00e3o de espa\u00e7os e o consequente esvaziamento da cr\u00edtica teatral em grandes ve\u00edculos de imprensa. Ao mesmo tempo, h\u00e1 a emerg\u00eancia de plataformas online, desde sites e blogs at\u00e9 perfis em redes sociais, produzindo valorosas reflex\u00f5es cr\u00edticas em torno da produ\u00e7\u00e3o teatral no pa\u00eds. A internet possibilitou a multiplica\u00e7\u00e3o de vozes, construindo passo a passo um panorama mais diverso em torno da frui\u00e7\u00e3o, registro e an\u00e1lise da cena contempor\u00e2nea.<\/p>\n<p>Quase a totalidade de tais ve\u00edculos, por\u00e9m, trabalham de forma independente e muitas pessoas se colocam como volunt\u00e1rias no exerc\u00edcio da escrita cr\u00edtica; algumas fazem desta seara seu campo principal de atua\u00e7\u00e3o, enquanto outras seguem desenvolvendo trabalhos em paralelo. A aus\u00eancia de remunera\u00e7\u00e3o traz riscos para a continuidade da pr\u00e1tica da cr\u00edtica teatral a n\u00edvel profissional, e a (pretensa) horizontalidade das redes tamb\u00e9m traz consigo desafios em torno da autoridade e da legitimidade da pessoa cr\u00edtica.<\/p>\n<p>Acreditamos que a cr\u00edtica teatral \u00e9 antes de tudo parceira da cria\u00e7\u00e3o art\u00edstica, sendo uma aliada no campo de disputa do simb\u00f3lico e de produ\u00e7\u00e3o de imagin\u00e1rios, especialmente em tempos de crise como os que vivemos. Desse modo, confiamos e apostamos na possibilidade de parcerias com artistas, grupos, produtoras e todas as partes envolvidas na complexa cadeia produtiva da cultura.<\/p>\n<p>Na \u00e2nsia de seguir construindo juntes, insistimos por sermos apaixonades pelo teatro. Pela reflex\u00e3o, pelas reverbera\u00e7\u00f5es, pela escrita em suas variadas formas. Insistimos em estar lado a lado com artistas, grupos e produtoras independentes, na batalha di\u00e1ria que \u00e9 viver nesse pa\u00eds trabalhando com arte e cultura. Insistimos e desejamos estar perto; insistir juntes.<\/p>\n<p>Assim, coletivamente lan\u00e7amos o&nbsp;<strong>projeto arquip\u00e9lago<\/strong>. Com o apoio da produtora&nbsp;<a href=\"https:\/\/www.instagram.com\/corporastreado\/\"><strong>Corpo Rastreado<\/strong><\/a>, cinco ve\u00edculos receber\u00e3o um aporte mensal para a publica\u00e7\u00e3o de duas cr\u00edticas teatrais no escopo do projeto. Somos, neste primeiro momento,&nbsp;<a href=\"https:\/\/www.instagram.com\/guiaoff\/\"><u>Guia Off<\/u><\/a>,&nbsp;<a href=\"https:\/\/www.instagram.com\/farofacritica\/\"><u>Farofa Cr\u00edtica<\/u><\/a>,<a href=\"https:\/\/www.instagram.com\/ruinaacesa\/\">&nbsp;<u>ru\u00edna acesa<\/u><\/a>,&nbsp;<a href=\"https:\/\/www.instagram.com\/satisfeita_yolanda\/\"><u>Satisfeita, Yolanda?<\/u><\/a>&nbsp;e&nbsp;<a href=\"https:\/\/www.instagram.com\/tudomenosumacritica\/\"><u>Tudo, Menos Uma Cr\u00edtica<\/u><\/a>.&nbsp;<\/p>\n<p>Ambicionamos que, em 2023, o&nbsp;<strong>arquip\u00e9lago&nbsp;<\/strong>ganhe novas ilhas; maiores dimens\u00f5es poss\u00edveis para o subs\u00eddio e a consequente oxigena\u00e7\u00e3o da cr\u00edtica teatral no Brasil. Neste sentido, estamos abertes para novas parcerias a fim de amplificar os investimentos e, assim, mais&nbsp;<em>casas cr\u00edticas&nbsp;<\/em>possam ser tamb\u00e9m contempladas. Um apoio financeiro mensal para a manuten\u00e7\u00e3o e a remunera\u00e7\u00e3o de um trabalho muitas vezes feito apenas movido por desejo e insist\u00eancia.<\/p>\n<p>Acreditamos que haver\u00e1 ader\u00eancia de outros agentes, no sentido tanto de legitimar a produ\u00e7\u00e3o cr\u00edtica teatral independente quanto de capta\u00e7\u00e3o de verbas para a amplia\u00e7\u00e3o do projeto &#8211; queremos este&nbsp;<strong>arquip\u00e9lago&nbsp;<\/strong>espalhado pelo Brasil!<\/p>\n<p>Neste momento de nascimento, da emerg\u00eancia destas ilhas em rede, pensamos ser fundamental sermos tamb\u00e9m transparentes: ainda que a verba para a viabiliza\u00e7\u00e3o do projeto venha da&nbsp;<strong>Corpo Rastreado<\/strong>, n\u00e3o se trata de uma filia\u00e7\u00e3o dos ve\u00edculos \u00e0 produtora, de modo que todas as pessoas participantes seguir\u00e3o seus pr\u00f3prios crit\u00e9rios e desejos na escolha das obras que ter\u00e3o cr\u00edticas publicadas dentro do&nbsp;<strong>projeto arquip\u00e9lago<\/strong>.<\/p>\n<p>A identidade visual do projeto foi feito pela designer Fernanda Ficher.<\/p><\/blockquote>\n","protected":false},"excerpt":{"rendered":"<p>&nbsp; Cr\u00edtica teatral \u00e9 um trabalho intelectual, emotivo, f\u00edsico, metaf\u00edsico, art\u00edstico, um projeto de vida. Pensamos que sim e apostamos nesse exerc\u00edcio de pensamento que tem como desafio se reinventar o tempo todo. E temos uma boa nova. O Satisfeita, Yolanda? &#8211; ao lado do Guia Off, Farofa Cr\u00edtica, ru\u00edna acesa, e Tudo, Menos Uma [&hellip;]<\/p>\n","protected":false},"author":3,"featured_media":0,"comment_status":"open","ping_status":"open","sticky":false,"template":"","format":"standard","meta":{"ngg_post_thumbnail":0},"categories":[4663],"tags":[7369,7368,7373,7372,7370,1952,7371],"jetpack_featured_media_url":"","_links":{"self":[{"href":"https:\/\/www.satisfeitayolanda.com.br\/blog\/wp-json\/wp\/v2\/posts\/24713"}],"collection":[{"href":"https:\/\/www.satisfeitayolanda.com.br\/blog\/wp-json\/wp\/v2\/posts"}],"about":[{"href":"https:\/\/www.satisfeitayolanda.com.br\/blog\/wp-json\/wp\/v2\/types\/post"}],"author":[{"embeddable":true,"href":"https:\/\/www.satisfeitayolanda.com.br\/blog\/wp-json\/wp\/v2\/users\/3"}],"replies":[{"embeddable":true,"href":"https:\/\/www.satisfeitayolanda.com.br\/blog\/wp-json\/wp\/v2\/comments?post=24713"}],"version-history":[{"count":4,"href":"https:\/\/www.satisfeitayolanda.com.br\/blog\/wp-json\/wp\/v2\/posts\/24713\/revisions"}],"predecessor-version":[{"id":24719,"href":"https:\/\/www.satisfeitayolanda.com.br\/blog\/wp-json\/wp\/v2\/posts\/24713\/revisions\/24719"}],"wp:attachment":[{"href":"https:\/\/www.satisfeitayolanda.com.br\/blog\/wp-json\/wp\/v2\/media?parent=24713"}],"wp:term":[{"taxonomy":"category","embeddable":true,"href":"https:\/\/www.satisfeitayolanda.com.br\/blog\/wp-json\/wp\/v2\/categories?post=24713"},{"taxonomy":"post_tag","embeddable":true,"href":"https:\/\/www.satisfeitayolanda.com.br\/blog\/wp-json\/wp\/v2\/tags?post=24713"}],"curies":[{"name":"wp","href":"https:\/\/api.w.org\/{rel}","templated":true}]}}